{"id":3905,"date":"2019-09-09T12:10:17","date_gmt":"2019-09-09T09:10:17","guid":{"rendered":"https:\/\/www.tibbihipnozkongresi.org.tr\/uluslararasi\/?p=3905"},"modified":"2020-09-19T05:30:14","modified_gmt":"2020-09-19T02:30:14","slug":"randi-abrahamsen-danimarka","status":"publish","type":"post","link":"https:\/\/www.tibbihipnozkongresi.org.tr\/uluslararasi\/2019\/09\/09\/randi-abrahamsen-danimarka\/","title":{"rendered":"Randi ABRAHAMSEN, Danimarka"},"content":{"rendered":"\n<p><strong>Randi ABRAHAMSEN, Danimarka<\/strong><\/p>\n\n\n\n<p><strong>Avrupa Hipnoz Derne\u011fi \u0130kinci Ba\u015fkan Vekili<\/strong><\/p>\n\n\n\n<p><strong>Danimarka Klinik Hipnoz Derne\u011fi (DSCH)<\/strong><\/p>\n\n\n\n<p>Danimarka Klinik Hipnoz Derne\u011fi Y\u00f6netim Kurulu \u00dcyesidir. Ayr\u0131ca iki y\u0131l Edit\u00f6r, iki y\u0131l Ba\u015fkan olarak g\u00f6rev yapm\u0131\u015ft\u0131r.<\/p>\n\n\n\n<p>Di\u015f Hekimli\u011finde doktoras\u0131 vard\u0131r. Doktora&nbsp; ara\u015ft\u0131rmas\u0131n\u0131 \u201cKal\u0131c\u0131 Orofasiyal A\u011fr\u0131da Hipnozun Etkisi\u201d \u00fczerine yapt\u0131.<\/p>\n\n\n\n<p>Halk Sa\u011fl\u0131\u011f\u0131 Di\u015f Hekimli\u011fi Hizmetinde uzman di\u015f hekimi olarak g\u00f6rev yapt\u0131.<\/p>\n\n\n\n<p>Aarhus \u00dcniversitesi Di\u015f hekimli\u011fi Fak\u00fcltesi&#8217;nde Orofasiyal A\u011fr\u0131 ve \u00c7ene fonksiyonu b\u00f6l\u00fcm\u00fcnde e\u011fitim ve konferanslar verdi.&nbsp;Bu s\u00fcre\u00e7te orofasiyal a\u011fr\u0131 ara\u015ft\u0131rmalar\u0131 yapt\u0131.<\/p>\n\n\n\n<p>Halen y\u00f6neticili\u011fini yapt\u0131\u011f\u0131 \u00f6zel bir hipnoz a\u011fr\u0131 klini\u011finde hizmet vermekte ve Orofasiyal a\u011fr\u0131 konusunda dan\u0131\u015fmanl\u0131k yapmaktad\u0131r.<\/p>\n\n\n\n<p>Hipnoz her zaman profesyonel kariyerinin bir par\u00e7as\u0131 oldu.&nbsp;Hipnozu \u00f6zellikle di\u015f hekimi korkusu olan hastalar i\u00e7in, daha sonra orofasiyal a\u011fr\u0131 i\u00e7in kulland\u0131. Halen \u00e7e\u015fitli a\u011fr\u0131 durumlar\u0131 i\u00e7in hipnoz uygulamalar\u0131na devam etmektedir.&nbsp;<\/p>\n\n\n\n<p>Hipnoz ara\u015ft\u0131rmalar\u0131nda doktora \u00f6\u011frencilerine destek vermekte ve Halk Sa\u011fl\u0131\u011f\u0131 Di\u015f Hekimli\u011fi hizmetlerinde, dental organizasyonlarda ve \u00fcniversitede mesleki ba\u011flamda hipnoz ilminin yay\u0131lmas\u0131 y\u00f6n\u00fcnde \u00e7al\u0131\u015fmalar yapmaktad\u0131r.<\/p>\n","protected":false},"excerpt":{"rendered":"<p>Randi ABRAHAMSEN, Danimarka Avrupa Hipnoz Derne\u011fi \u0130kinci Ba\u015fkan Vekili Danimarka Klinik Hipnoz Derne\u011fi (DSCH) Danimarka Klinik Hipnoz Derne\u011fi Y\u00f6netim Kurulu \u00dcyesidir. Ayr\u0131ca iki y\u0131l Edit\u00f6r, iki y\u0131l Ba\u015fkan olarak g\u00f6rev yapm\u0131\u015ft\u0131r. Di\u015f Hekimli\u011finde doktoras\u0131 vard\u0131r. Doktora&nbsp; ara\u015ft\u0131rmas\u0131n\u0131 \u201cKal\u0131c\u0131 Orofasiyal A\u011fr\u0131da Hipnozun Etkisi\u201d \u00fczerine yapt\u0131. Halk Sa\u011fl\u0131\u011f\u0131 Di\u015f Hekimli\u011fi Hizmetinde uzman di\u015f hekimi olarak g\u00f6rev yapt\u0131.&hellip; <br \/> <a class=\"read-more\" href=\"https:\/\/www.tibbihipnozkongresi.org.tr\/uluslararasi\/2019\/09\/09\/randi-abrahamsen-danimarka\/\">Devam\u0131<\/a><\/p>\n","protected":false},"author":1,"featured_media":0,"comment_status":"open","ping_status":"open","sticky":false,"template":"","format":"standard","meta":{"spay_email":"","jetpack_publicize_message":""},"categories":[1],"tags":[],"jetpack_featured_media_url":"","jetpack_publicize_connections":[],"jetpack_sharing_enabled":true,"jetpack_shortlink":"https:\/\/wp.me\/pa7igD-10Z","_links":{"self":[{"href":"https:\/\/www.tibbihipnozkongresi.org.tr\/uluslararasi\/wp-json\/wp\/v2\/posts\/3905"}],"collection":[{"href":"https:\/\/www.tibbihipnozkongresi.org.tr\/uluslararasi\/wp-json\/wp\/v2\/posts"}],"about":[{"href":"https:\/\/www.tibbihipnozkongresi.org.tr\/uluslararasi\/wp-json\/wp\/v2\/types\/post"}],"author":[{"embeddable":true,"href":"https:\/\/www.tibbihipnozkongresi.org.tr\/uluslararasi\/wp-json\/wp\/v2\/users\/1"}],"replies":[{"embeddable":true,"href":"https:\/\/www.tibbihipnozkongresi.org.tr\/uluslararasi\/wp-json\/wp\/v2\/comments?post=3905"}],"version-history":[{"count":2,"href":"https:\/\/www.tibbihipnozkongresi.org.tr\/uluslararasi\/wp-json\/wp\/v2\/posts\/3905\/revisions"}],"predecessor-version":[{"id":15420,"href":"https:\/\/www.tibbihipnozkongresi.org.tr\/uluslararasi\/wp-json\/wp\/v2\/posts\/3905\/revisions\/15420"}],"wp:attachment":[{"href":"https:\/\/www.tibbihipnozkongresi.org.tr\/uluslararasi\/wp-json\/wp\/v2\/media?parent=3905"}],"wp:term":[{"taxonomy":"category","embeddable":true,"href":"https:\/\/www.tibbihipnozkongresi.org.tr\/uluslararasi\/wp-json\/wp\/v2\/categories?post=3905"},{"taxonomy":"post_tag","embeddable":true,"href":"https:\/\/www.tibbihipnozkongresi.org.tr\/uluslararasi\/wp-json\/wp\/v2\/tags?post=3905"}],"curies":[{"name":"wp","href":"https:\/\/api.w.org\/{rel}","templated":true}]}}